{"id":3952,"date":"2026-04-30T11:27:00","date_gmt":"2026-04-30T14:27:00","guid":{"rendered":"https:\/\/aquiads.com.br\/blog\/?p=3952"},"modified":"2026-04-27T14:17:48","modified_gmt":"2026-04-27T17:17:48","slug":"ativacao-de-marca","status":"publish","type":"post","link":"https:\/\/aquiads.com.br\/blog\/ativacao-de-marca\/","title":{"rendered":"Ativa\u00e7\u00e3o de marca e conex\u00e3o emocional: entenda a rela\u00e7\u00e3o!"},"content":{"rendered":"\n<p>Um dos objetivos das estrat\u00e9gias de marketing \u00e9 diferenciar a empresa no mercado para que ela seja considerada pelo consumidor no momento da decis\u00e3o. Nesse contexto, a ativa\u00e7\u00e3o de marca engloba t\u00e9cnicas capazes de despertar emo\u00e7\u00f5es e integrar o neg\u00f3cio ao cotidiano da audi\u00eancia.<\/p>\n\n\n\n<p>A proposta desloca o foco do produto para o p\u00fablico, priorizando viv\u00eancias mais significativas e experi\u00eancias memor\u00e1veis.<\/p>\n\n\n\n<p>Quer saber mais sobre a ativa\u00e7\u00e3o de marca e o seu papel na conex\u00e3o emocional com o consumidor? Confira nas pr\u00f3ximas linhas!<\/p>\n\n\n\n<h2 class=\"wp-block-heading\"><strong>O que \u00e9 ativa\u00e7\u00e3o de marca?<\/strong><\/h2>\n\n\n\n<p>A ativa\u00e7\u00e3o de marca abrange um conjunto de a\u00e7\u00f5es no marketing, visando estabelecer uma conex\u00e3o com o consumidor por meio de experi\u00eancias e est\u00edmulos emocionais. A ideia \u00e9 demonstrar as afinidades entre o neg\u00f3cio e o seu p\u00fablico, gerando a sensa\u00e7\u00e3o de que ambos compartilham gostos e caracter\u00edsticas.<\/p>\n\n\n\n<p>Esse conceito faz parte do marketing experiencial, que vai al\u00e9m da mera rela\u00e7\u00e3o de compra e venda, proporcionando uma experi\u00eancia relevante para o cliente. Assim, a marca \u00e9 ativada quando consegue fazer parte da rotina do p\u00fablico, seja por encantamento, divers\u00e3o ou funcionalidade.<\/p>\n\n\n\n<p>A abordagem n\u00e3o se limita a grandes empresas, afinal, a ativa\u00e7\u00e3o de marca \u00e9 v\u00e1lida para neg\u00f3cios de todos os portes. Tamb\u00e9m n\u00e3o se trata de uma proposta limitada \u00e0s campanhas mais expressivas ou a\u00e7\u00f5es pontuais.<\/p>\n\n\n\n<p>As estrat\u00e9gias precisam ser cont\u00ednuas, presentes em diferentes momentos da jornada do consumidor, desde o primeiro contato at\u00e9 o <a href=\"https:\/\/blog.aqui.eletromidia.com.br\/pos-venda\/\">p\u00f3s-venda<\/a>.<\/p>\n\n\n\n<h2 class=\"wp-block-heading\"><strong>Qual \u00e9 a import\u00e2ncia da ativa\u00e7\u00e3o de marca?<\/strong><\/h2>\n\n\n\n<p>A ativa\u00e7\u00e3o de marca tem uma l\u00f3gica diferente da publicidade tradicional, reduzindo a centralidade do produto na comunica\u00e7\u00e3o e priorizando a cria\u00e7\u00e3o de experi\u00eancias e mem\u00f3rias positivas.<\/p>\n\n\n\n<p>Entenda a import\u00e2ncia dessa abordagem!<\/p>\n\n\n\n<h3 class=\"wp-block-heading\"><strong>Cria\u00e7\u00e3o de experi\u00eancias memor\u00e1veis<\/strong><\/h3>\n\n\n\n<p>Uma das principais caracter\u00edsticas da ativa\u00e7\u00e3o de marca \u00e9 a cria\u00e7\u00e3o de experi\u00eancias memor\u00e1veis, que geram uma aproxima\u00e7\u00e3o maior do que a <a href=\"https:\/\/blog.aqui.eletromidia.com.br\/propaganda-e-publicidade-diferenca\/\">publicidade<\/a> tradicional. Nesse cen\u00e1rio, em vez de uma abordagem inc\u00f4moda e invasiva, a empresa assume uma postura mais pr\u00f3xima, sendo percebida de forma positiva pelo p\u00fablico.<\/p>\n\n\n\n<p>Ao se sentir parte da marca, o consumidor tem a chance de se alinhar a seus valores, produtos e propostas. Isso gera maior envolvimento, tornando a mensagem mais significativa e o impacto duradouro.<\/p>\n\n\n\n<h3 class=\"wp-block-heading\"><strong>Interatividade<\/strong><\/h3>\n\n\n\n<p>A ativa\u00e7\u00e3o de marca, com frequ\u00eancia, envolve interatividade, permitindo ao p\u00fablico uma participa\u00e7\u00e3o mais ativa nas a\u00e7\u00f5es. Estrat\u00e9gias que estimulam resposta, escolha, movimento ou colabora\u00e7\u00e3o refor\u00e7am a percep\u00e7\u00e3o de proximidade entre empresa e consumidor.<\/p>\n\n\n\n<p>Quanto mais elevado for o grau de participa\u00e7\u00e3o, maior tende a ser o n\u00edvel de engajamento, j\u00e1 que a experi\u00eancia se torna pessoal \u2014 e n\u00e3o apenas observada \u00e0 dist\u00e2ncia.<\/p>\n\n\n\n<h3 class=\"wp-block-heading\"><strong>Associa\u00e7\u00e3o positiva<\/strong><\/h3>\n\n\n\n<p>A ativa\u00e7\u00e3o de marca contribui para a empresa ser vinculada a emo\u00e7\u00f5es agrad\u00e1veis vividas pelo p\u00fablico. A marca pode se conectar a eventos ou a cen\u00e1rios da vida urbana, por exemplo, fazendo parte daquele momento da vida do consumidor.&nbsp;<\/p>\n\n\n\n<p>Essa liga\u00e7\u00e3o n\u00e3o ocorre apenas com o produto, mas com o contexto emocional gerado pela intera\u00e7\u00e3o. Esse tipo de associa\u00e7\u00e3o fortalece a imagem da marca ao criar mem\u00f3rias afetivas ligadas a sensa\u00e7\u00f5es como prazer, divers\u00e3o ou conveni\u00eancia.<\/p>\n\n\n\n<p>Assim, ao se lembrar da <a href=\"https:\/\/blog.aqui.eletromidia.com.br\/o-que-e-experiencia-do-cliente\/\">experi\u00eancia<\/a>, o consumidor se recorda da empresa de modo favor\u00e1vel, influenciando sua percep\u00e7\u00e3o e colaborando positivamente para a decis\u00e3o de compra. Quanto mais significativa for a viv\u00eancia proporcionada, maior costuma ser o impacto dessa associa\u00e7\u00e3o no longo prazo.<\/p>\n\n\n\n<h3 class=\"wp-block-heading\"><strong>Engajamento org\u00e2nico<\/strong><\/h3>\n\n\n\n<p>Uma boa estrat\u00e9gia para ativar a marca tamb\u00e9m estimula o engajamento espont\u00e2neo do p\u00fablico. Vivenciar uma experi\u00eancia diferente da comunica\u00e7\u00e3o tradicional aumenta o envolvimento do consumidor, tanto presencialmente quanto nos ambientes digitais.<\/p>\n\n\n\n<p>Quando ela \u00e9 marcante, o p\u00fablico se sente motivado a comentar, registrar e compartilhar o que vivenciou, especialmente nas redes sociais. Esse movimento amplia o alcance da a\u00e7\u00e3o, transformando o consumidor em um <a href=\"https:\/\/blog.aqui.eletromidia.com.br\/clientes-promotores\/\">promotor da marca<\/a>.<\/p>\n\n\n\n<h2 class=\"wp-block-heading\"><strong>Como a ativa\u00e7\u00e3o de marca se relaciona com a conex\u00e3o emocional?<\/strong><\/h2>\n\n\n\n<p>A ativa\u00e7\u00e3o de marca \u00e9, essencialmente, uma estrat\u00e9gia para fortalecer a conex\u00e3o emocional com o p\u00fablico. Mais do que aumentar a visibilidade, as pr\u00e1ticas buscam criar significado para o consumidor por meio da intera\u00e7\u00e3o e da participa\u00e7\u00e3o ativa.<\/p>\n\n\n\n<p>Esse processo favorece a cria\u00e7\u00e3o de significado, pois a marca tem a chance de ocupar um espa\u00e7o simb\u00f3lico na vida do consumidor, associado a sentimentos, lembran\u00e7as e situa\u00e7\u00f5es reais.<\/p>\n\n\n\n<p>Com isso, o engajamento gerado n\u00e3o \u00e9 s\u00f3 moment\u00e2neo, mas relacional. A conex\u00e3o surge quando a ativa\u00e7\u00e3o consegue transformar a\u00e7\u00f5es de comunica\u00e7\u00e3o em viv\u00eancias com valor percebido.<\/p>\n\n\n\n<h2 class=\"wp-block-heading\"><strong>Como ativar a marca?<\/strong><\/h2>\n\n\n\n<p>A ativa\u00e7\u00e3o de marca pode ser realizada de maneira personalizada, considerando os recursos e os objetivos de cada empresa.&nbsp;<\/p>\n\n\n\n<p>Descubra como fazer isso!<\/p>\n\n\n\n<h3 class=\"wp-block-heading\"><strong>Presen\u00e7a em eventos<\/strong><\/h3>\n\n\n\n<p>Uma das estrat\u00e9gias de ativa\u00e7\u00e3o \u00e9 a presen\u00e7a em eventos culturais, corporativos, educacionais, esportivos e de entretenimento, que j\u00e1 fazem parte da viv\u00eancia das pessoas.<\/p>\n\n\n\n<p>Nesses contextos, a empresa participa de momentos associados a divers\u00e3o, conv\u00edvio social, conhecimento ou inova\u00e7\u00e3o. A\u00e7\u00f5es como estruturas interativas, espa\u00e7os para fotos, brindes personalizados e \u00e1reas de descanso geram troca com a marca.<\/p>\n\n\n\n<p>Tamb\u00e9m vale investir em experi\u00eancias sensoriais, que proporcionam bem-estar e ficam gravadas na mem\u00f3ria. A ideia \u00e9 participar das a\u00e7\u00f5es e adicionar valor ao p\u00fablico naquela situa\u00e7\u00e3o que j\u00e1 estaria em sua programa\u00e7\u00e3o.<\/p>\n\n\n\n<h3 class=\"wp-block-heading\"><strong>M\u00eddia OOH<\/strong><\/h3>\n\n\n\n<p>A ativa\u00e7\u00e3o pode ocorrer pela presen\u00e7a em pontos estrat\u00e9gicos de alta circula\u00e7\u00e3o, especialmente no espa\u00e7o urbano, pela m\u00eddia OOH (Out of Home). Pain\u00e9is interativos, interven\u00e7\u00f5es visuais, mobili\u00e1rio urbano personalizado e a\u00e7\u00f5es tempor\u00e1rias em locais de grande fluxo integram a marca ao cotidiano das pessoas.<\/p>\n\n\n\n<p>A a\u00e7\u00e3o amplia a visibilidade da marca, refor\u00e7ando sua identidade no territ\u00f3rio urbano e a percep\u00e7\u00e3o de confian\u00e7a. Perceba que as m\u00eddias inseridas nos espa\u00e7os que fazem parte da rotina das pessoas t\u00eam papel central para a lembran\u00e7a de marca.<\/p>\n\n\n\n<p>Voc\u00ea pode contar com o apoio de uma plataforma, como o <strong>Aqui Ads<\/strong>, para viabilizar as a\u00e7\u00f5es. Essa solu\u00e7\u00e3o baseada em autosservi\u00e7o oferece mais agilidade no planejamento e na execu\u00e7\u00e3o de campanhas de m\u00eddia exterior.<\/p>\n\n\n\n<p>Voc\u00ea viu que a ativa\u00e7\u00e3o de marca \u00e9 uma abordagem capaz de aproximar a empresa do p\u00fablico e gerar conex\u00f5es emocionais, que fortalecem o crescimento org\u00e2nico e sustent\u00e1vel. Existem diferentes formas de realizar esse tipo de a\u00e7\u00e3o, por\u00e9m, o foco deve ser sempre oferecer uma experi\u00eancia significativa.<\/p>\n\n\n\n<p>Deseja ativar sua marca em pontos estrat\u00e9gicos? <a href=\"https:\/\/aquiads.eletromidia.com.br\/\">Conhe\u00e7a as solu\u00e7\u00f5es do <strong>Aqui Ads<\/strong><\/a> para apoiar a\u00e7\u00f5es de ativa\u00e7\u00e3o de marca em m\u00eddia OOH!<\/p>\n","protected":false},"excerpt":{"rendered":"<p>Voc\u00ea sabe o que \u00e9 ativa\u00e7\u00e3o de marca? Entenda esse conceito e veja como ele ajuda a criar conex\u00e3o emocional entre empresas e consumidores!<\/p>\n","protected":false},"author":17,"featured_media":3953,"comment_status":"open","ping_status":"open","sticky":false,"template":"","format":"standard","meta":{"_acf_changed":false,"content-type":"","footnotes":""},"categories":[82],"tags":[1233,1231,355,461,1234,562,1232],"ppma_author":[974],"class_list":["post-3952","post","type-post","status-publish","format-standard","has-post-thumbnail","hentry","category-marketing-e-publicidade","tag-branding-emocional","tag-conexao-emocional-com-o-consumidor","tag-engajamento-de-marca","tag-estrategias-de-branding","tag-experiencias-de-marca","tag-fortalecimento-de-marca","tag-marketing-emocional"],"acf":[],"yoast_head":"<!-- This site is optimized with the Yoast SEO plugin v27.5 - https:\/\/yoast.com\/product\/yoast-seo-wordpress\/ -->\n<title>Ativa\u00e7\u00e3o de marca e conex\u00e3o emocional: entenda a rela\u00e7\u00e3o! - Blog do Aqui Ads<\/title>\n<meta name=\"description\" content=\"Voc\u00ea sabe o que \u00e9 ativa\u00e7\u00e3o de marca? Entenda esse conceito e veja como ele ajuda a criar conex\u00e3o emocional entre empresas e consumidores!\" \/>\n<meta name=\"robots\" content=\"index, follow, max-snippet:-1, max-image-preview:large, max-video-preview:-1\" \/>\n<link rel=\"canonical\" href=\"https:\/\/aquiads.com.br\/blog\/ativacao-de-marca\/\" \/>\n<meta property=\"og:locale\" content=\"pt_BR\" \/>\n<meta property=\"og:type\" content=\"article\" \/>\n<meta property=\"og:title\" content=\"Ativa\u00e7\u00e3o de marca e conex\u00e3o emocional: entenda a rela\u00e7\u00e3o! - Blog do Aqui Ads\" \/>\n<meta property=\"og:description\" content=\"Voc\u00ea sabe o que \u00e9 ativa\u00e7\u00e3o de marca? Entenda esse conceito e veja como ele ajuda a criar conex\u00e3o emocional entre empresas e consumidores!\" \/>\n<meta property=\"og:url\" content=\"https:\/\/aquiads.com.br\/blog\/ativacao-de-marca\/\" \/>\n<meta property=\"og:site_name\" content=\"Blog do Aqui Ads\" \/>\n<meta property=\"article:published_time\" content=\"2026-04-30T14:27:00+00:00\" \/>\n<meta property=\"og:image\" content=\"https:\/\/aquiads.com.br\/blog\/wp-content\/uploads\/2026\/04\/Ativacao-de-marca-e-conexao-emocional-entenda-a-relacao_.jpg\" \/>\n\t<meta property=\"og:image:width\" content=\"1200\" \/>\n\t<meta property=\"og:image:height\" content=\"675\" \/>\n\t<meta property=\"og:image:type\" content=\"image\/jpeg\" \/>\n<meta name=\"author\" content=\"Stefanie Trotta\" \/>\n<meta name=\"twitter:card\" content=\"summary_large_image\" \/>\n<meta name=\"twitter:label1\" content=\"Escrito por\" \/>\n\t<meta name=\"twitter:data1\" content=\"Stefanie Trotta\" \/>\n\t<meta name=\"twitter:label2\" content=\"Est. tempo de leitura\" \/>\n\t<meta name=\"twitter:data2\" content=\"6 minutos\" \/>\n<script type=\"application\/ld+json\" class=\"yoast-schema-graph\">{\"@context\":\"https:\\\/\\\/schema.org\",\"@graph\":[{\"@type\":\"Article\",\"@id\":\"https:\\\/\\\/aquiads.com.br\\\/blog\\\/ativacao-de-marca\\\/#article\",\"isPartOf\":{\"@id\":\"https:\\\/\\\/aquiads.com.br\\\/blog\\\/ativacao-de-marca\\\/\"},\"author\":{\"name\":\"Stefanie Trotta\",\"@id\":\"https:\\\/\\\/aquiads.com.br\\\/blog\\\/#\\\/schema\\\/person\\\/6bffa426b8c860c085798d257f4aacff\"},\"headline\":\"Ativa\u00e7\u00e3o de marca e conex\u00e3o emocional: entenda a rela\u00e7\u00e3o!\",\"datePublished\":\"2026-04-30T14:27:00+00:00\",\"mainEntityOfPage\":{\"@id\":\"https:\\\/\\\/aquiads.com.br\\\/blog\\\/ativacao-de-marca\\\/\"},\"wordCount\":1216,\"commentCount\":0,\"publisher\":{\"@id\":\"https:\\\/\\\/aquiads.com.br\\\/blog\\\/#organization\"},\"image\":{\"@id\":\"https:\\\/\\\/aquiads.com.br\\\/blog\\\/ativacao-de-marca\\\/#primaryimage\"},\"thumbnailUrl\":\"https:\\\/\\\/aquiads.com.br\\\/blog\\\/wp-content\\\/uploads\\\/2026\\\/04\\\/Ativacao-de-marca-e-conexao-emocional-entenda-a-relacao_.jpg\",\"keywords\":[\"branding emocional\",\"conex\u00e3o emocional com o consumidor\",\"engajamento de marca\",\"estrat\u00e9gias de branding\",\"experi\u00eancias de marca\",\"fortalecimento de marca\",\"marketing emocional\"],\"articleSection\":[\"Marketing e Publicidade\"],\"inLanguage\":\"pt-BR\",\"potentialAction\":[{\"@type\":\"CommentAction\",\"name\":\"Comment\",\"target\":[\"https:\\\/\\\/aquiads.com.br\\\/blog\\\/ativacao-de-marca\\\/#respond\"]}]},{\"@type\":\"WebPage\",\"@id\":\"https:\\\/\\\/aquiads.com.br\\\/blog\\\/ativacao-de-marca\\\/\",\"url\":\"https:\\\/\\\/aquiads.com.br\\\/blog\\\/ativacao-de-marca\\\/\",\"name\":\"Ativa\u00e7\u00e3o de marca e conex\u00e3o emocional: entenda a rela\u00e7\u00e3o! - Blog do Aqui Ads\",\"isPartOf\":{\"@id\":\"https:\\\/\\\/aquiads.com.br\\\/blog\\\/#website\"},\"primaryImageOfPage\":{\"@id\":\"https:\\\/\\\/aquiads.com.br\\\/blog\\\/ativacao-de-marca\\\/#primaryimage\"},\"image\":{\"@id\":\"https:\\\/\\\/aquiads.com.br\\\/blog\\\/ativacao-de-marca\\\/#primaryimage\"},\"thumbnailUrl\":\"https:\\\/\\\/aquiads.com.br\\\/blog\\\/wp-content\\\/uploads\\\/2026\\\/04\\\/Ativacao-de-marca-e-conexao-emocional-entenda-a-relacao_.jpg\",\"datePublished\":\"2026-04-30T14:27:00+00:00\",\"description\":\"Voc\u00ea sabe o que \u00e9 ativa\u00e7\u00e3o de marca? Entenda esse conceito e veja como ele ajuda a criar conex\u00e3o emocional entre empresas e consumidores!\",\"breadcrumb\":{\"@id\":\"https:\\\/\\\/aquiads.com.br\\\/blog\\\/ativacao-de-marca\\\/#breadcrumb\"},\"inLanguage\":\"pt-BR\",\"potentialAction\":[{\"@type\":\"ReadAction\",\"target\":[\"https:\\\/\\\/aquiads.com.br\\\/blog\\\/ativacao-de-marca\\\/\"]}]},{\"@type\":\"ImageObject\",\"inLanguage\":\"pt-BR\",\"@id\":\"https:\\\/\\\/aquiads.com.br\\\/blog\\\/ativacao-de-marca\\\/#primaryimage\",\"url\":\"https:\\\/\\\/aquiads.com.br\\\/blog\\\/wp-content\\\/uploads\\\/2026\\\/04\\\/Ativacao-de-marca-e-conexao-emocional-entenda-a-relacao_.jpg\",\"contentUrl\":\"https:\\\/\\\/aquiads.com.br\\\/blog\\\/wp-content\\\/uploads\\\/2026\\\/04\\\/Ativacao-de-marca-e-conexao-emocional-entenda-a-relacao_.jpg\",\"width\":1200,\"height\":675},{\"@type\":\"BreadcrumbList\",\"@id\":\"https:\\\/\\\/aquiads.com.br\\\/blog\\\/ativacao-de-marca\\\/#breadcrumb\",\"itemListElement\":[{\"@type\":\"ListItem\",\"position\":1,\"name\":\"Home\",\"item\":\"https:\\\/\\\/aquiads.com.br\\\/blog\\\/\"},{\"@type\":\"ListItem\",\"position\":2,\"name\":\"Marketing e Publicidade\",\"item\":\"https:\\\/\\\/aquiads.com.br\\\/blog\\\/categoria\\\/marketing-e-publicidade\\\/\"},{\"@type\":\"ListItem\",\"position\":3,\"name\":\"Ativa\u00e7\u00e3o de marca e conex\u00e3o emocional: entenda a rela\u00e7\u00e3o!\"}]},{\"@type\":\"WebSite\",\"@id\":\"https:\\\/\\\/aquiads.com.br\\\/blog\\\/#website\",\"url\":\"https:\\\/\\\/aquiads.com.br\\\/blog\\\/\",\"name\":\"Blog do Aqui Ads\",\"description\":\"O blog e podcast da plataforma Aqui Ads para impulsionar os empreendedores brasileiros.\",\"publisher\":{\"@id\":\"https:\\\/\\\/aquiads.com.br\\\/blog\\\/#organization\"},\"potentialAction\":[{\"@type\":\"SearchAction\",\"target\":{\"@type\":\"EntryPoint\",\"urlTemplate\":\"https:\\\/\\\/aquiads.com.br\\\/blog\\\/?s={search_term_string}\"},\"query-input\":{\"@type\":\"PropertyValueSpecification\",\"valueRequired\":true,\"valueName\":\"search_term_string\"}}],\"inLanguage\":\"pt-BR\"},{\"@type\":\"Organization\",\"@id\":\"https:\\\/\\\/aquiads.com.br\\\/blog\\\/#organization\",\"name\":\"Blog do Aqui Ads\",\"url\":\"https:\\\/\\\/aquiads.com.br\\\/blog\\\/\",\"logo\":{\"@type\":\"ImageObject\",\"inLanguage\":\"pt-BR\",\"@id\":\"https:\\\/\\\/aquiads.com.br\\\/blog\\\/#\\\/schema\\\/logo\\\/image\\\/\",\"url\":\"https:\\\/\\\/aquiads.com.br\\\/blog\\\/wp-content\\\/uploads\\\/2025\\\/06\\\/ExclusivoPlataforma_AquiADS_Laranja-2.png\",\"contentUrl\":\"https:\\\/\\\/aquiads.com.br\\\/blog\\\/wp-content\\\/uploads\\\/2025\\\/06\\\/ExclusivoPlataforma_AquiADS_Laranja-2.png\",\"width\":1692,\"height\":383,\"caption\":\"Blog do Aqui Ads\"},\"image\":{\"@id\":\"https:\\\/\\\/aquiads.com.br\\\/blog\\\/#\\\/schema\\\/logo\\\/image\\\/\"}},{\"@type\":\"Person\",\"@id\":\"https:\\\/\\\/aquiads.com.br\\\/blog\\\/#\\\/schema\\\/person\\\/6bffa426b8c860c085798d257f4aacff\",\"name\":\"Stefanie Trotta\",\"image\":{\"@type\":\"ImageObject\",\"inLanguage\":\"pt-BR\",\"@id\":\"https:\\\/\\\/aquiads.com.br\\\/blog\\\/wp-content\\\/uploads\\\/2026\\\/02\\\/ste.webp5684dfc71fb9c860f668e74369b6195e\",\"url\":\"https:\\\/\\\/aquiads.com.br\\\/blog\\\/wp-content\\\/uploads\\\/2026\\\/02\\\/ste.webp\",\"contentUrl\":\"https:\\\/\\\/aquiads.com.br\\\/blog\\\/wp-content\\\/uploads\\\/2026\\\/02\\\/ste.webp\",\"caption\":\"Stefanie Trotta\"},\"description\":\"Stefanie Trotta \u00e9 gerente de Growth Marketing &amp; Produto na Eletromidia, empresa de m\u00eddia Out Of Home. Com 12 anos de experi\u00eancia no mercado, j\u00e1 passou por empresas como Google e LinkedIn.\",\"url\":\"https:\\\/\\\/aquiads.com.br\\\/blog\\\/autor\\\/stefanie-trotta\\\/\"}]}<\/script>\n<!-- \/ Yoast SEO plugin. -->","yoast_head_json":{"title":"Ativa\u00e7\u00e3o de marca e conex\u00e3o emocional: entenda a rela\u00e7\u00e3o! - Blog do Aqui Ads","description":"Voc\u00ea sabe o que \u00e9 ativa\u00e7\u00e3o de marca? Entenda esse conceito e veja como ele ajuda a criar conex\u00e3o emocional entre empresas e consumidores!","robots":{"index":"index","follow":"follow","max-snippet":"max-snippet:-1","max-image-preview":"max-image-preview:large","max-video-preview":"max-video-preview:-1"},"canonical":"https:\/\/aquiads.com.br\/blog\/ativacao-de-marca\/","og_locale":"pt_BR","og_type":"article","og_title":"Ativa\u00e7\u00e3o de marca e conex\u00e3o emocional: entenda a rela\u00e7\u00e3o! - Blog do Aqui Ads","og_description":"Voc\u00ea sabe o que \u00e9 ativa\u00e7\u00e3o de marca? Entenda esse conceito e veja como ele ajuda a criar conex\u00e3o emocional entre empresas e consumidores!","og_url":"https:\/\/aquiads.com.br\/blog\/ativacao-de-marca\/","og_site_name":"Blog do Aqui Ads","article_published_time":"2026-04-30T14:27:00+00:00","og_image":[{"width":1200,"height":675,"url":"https:\/\/aquiads.com.br\/blog\/wp-content\/uploads\/2026\/04\/Ativacao-de-marca-e-conexao-emocional-entenda-a-relacao_.jpg","type":"image\/jpeg"}],"author":"Stefanie Trotta","twitter_card":"summary_large_image","twitter_misc":{"Escrito por":"Stefanie Trotta","Est. tempo de leitura":"6 minutos"},"schema":{"@context":"https:\/\/schema.org","@graph":[{"@type":"Article","@id":"https:\/\/aquiads.com.br\/blog\/ativacao-de-marca\/#article","isPartOf":{"@id":"https:\/\/aquiads.com.br\/blog\/ativacao-de-marca\/"},"author":{"name":"Stefanie Trotta","@id":"https:\/\/aquiads.com.br\/blog\/#\/schema\/person\/6bffa426b8c860c085798d257f4aacff"},"headline":"Ativa\u00e7\u00e3o de marca e conex\u00e3o emocional: entenda a rela\u00e7\u00e3o!","datePublished":"2026-04-30T14:27:00+00:00","mainEntityOfPage":{"@id":"https:\/\/aquiads.com.br\/blog\/ativacao-de-marca\/"},"wordCount":1216,"commentCount":0,"publisher":{"@id":"https:\/\/aquiads.com.br\/blog\/#organization"},"image":{"@id":"https:\/\/aquiads.com.br\/blog\/ativacao-de-marca\/#primaryimage"},"thumbnailUrl":"https:\/\/aquiads.com.br\/blog\/wp-content\/uploads\/2026\/04\/Ativacao-de-marca-e-conexao-emocional-entenda-a-relacao_.jpg","keywords":["branding emocional","conex\u00e3o emocional com o consumidor","engajamento de marca","estrat\u00e9gias de branding","experi\u00eancias de marca","fortalecimento de marca","marketing emocional"],"articleSection":["Marketing e Publicidade"],"inLanguage":"pt-BR","potentialAction":[{"@type":"CommentAction","name":"Comment","target":["https:\/\/aquiads.com.br\/blog\/ativacao-de-marca\/#respond"]}]},{"@type":"WebPage","@id":"https:\/\/aquiads.com.br\/blog\/ativacao-de-marca\/","url":"https:\/\/aquiads.com.br\/blog\/ativacao-de-marca\/","name":"Ativa\u00e7\u00e3o de marca e conex\u00e3o emocional: entenda a rela\u00e7\u00e3o! - Blog do Aqui Ads","isPartOf":{"@id":"https:\/\/aquiads.com.br\/blog\/#website"},"primaryImageOfPage":{"@id":"https:\/\/aquiads.com.br\/blog\/ativacao-de-marca\/#primaryimage"},"image":{"@id":"https:\/\/aquiads.com.br\/blog\/ativacao-de-marca\/#primaryimage"},"thumbnailUrl":"https:\/\/aquiads.com.br\/blog\/wp-content\/uploads\/2026\/04\/Ativacao-de-marca-e-conexao-emocional-entenda-a-relacao_.jpg","datePublished":"2026-04-30T14:27:00+00:00","description":"Voc\u00ea sabe o que \u00e9 ativa\u00e7\u00e3o de marca? Entenda esse conceito e veja como ele ajuda a criar conex\u00e3o emocional entre empresas e consumidores!","breadcrumb":{"@id":"https:\/\/aquiads.com.br\/blog\/ativacao-de-marca\/#breadcrumb"},"inLanguage":"pt-BR","potentialAction":[{"@type":"ReadAction","target":["https:\/\/aquiads.com.br\/blog\/ativacao-de-marca\/"]}]},{"@type":"ImageObject","inLanguage":"pt-BR","@id":"https:\/\/aquiads.com.br\/blog\/ativacao-de-marca\/#primaryimage","url":"https:\/\/aquiads.com.br\/blog\/wp-content\/uploads\/2026\/04\/Ativacao-de-marca-e-conexao-emocional-entenda-a-relacao_.jpg","contentUrl":"https:\/\/aquiads.com.br\/blog\/wp-content\/uploads\/2026\/04\/Ativacao-de-marca-e-conexao-emocional-entenda-a-relacao_.jpg","width":1200,"height":675},{"@type":"BreadcrumbList","@id":"https:\/\/aquiads.com.br\/blog\/ativacao-de-marca\/#breadcrumb","itemListElement":[{"@type":"ListItem","position":1,"name":"Home","item":"https:\/\/aquiads.com.br\/blog\/"},{"@type":"ListItem","position":2,"name":"Marketing e Publicidade","item":"https:\/\/aquiads.com.br\/blog\/categoria\/marketing-e-publicidade\/"},{"@type":"ListItem","position":3,"name":"Ativa\u00e7\u00e3o de marca e conex\u00e3o emocional: entenda a rela\u00e7\u00e3o!"}]},{"@type":"WebSite","@id":"https:\/\/aquiads.com.br\/blog\/#website","url":"https:\/\/aquiads.com.br\/blog\/","name":"Blog do Aqui Ads","description":"O blog e podcast da plataforma Aqui Ads para impulsionar os empreendedores brasileiros.","publisher":{"@id":"https:\/\/aquiads.com.br\/blog\/#organization"},"potentialAction":[{"@type":"SearchAction","target":{"@type":"EntryPoint","urlTemplate":"https:\/\/aquiads.com.br\/blog\/?s={search_term_string}"},"query-input":{"@type":"PropertyValueSpecification","valueRequired":true,"valueName":"search_term_string"}}],"inLanguage":"pt-BR"},{"@type":"Organization","@id":"https:\/\/aquiads.com.br\/blog\/#organization","name":"Blog do Aqui Ads","url":"https:\/\/aquiads.com.br\/blog\/","logo":{"@type":"ImageObject","inLanguage":"pt-BR","@id":"https:\/\/aquiads.com.br\/blog\/#\/schema\/logo\/image\/","url":"https:\/\/aquiads.com.br\/blog\/wp-content\/uploads\/2025\/06\/ExclusivoPlataforma_AquiADS_Laranja-2.png","contentUrl":"https:\/\/aquiads.com.br\/blog\/wp-content\/uploads\/2025\/06\/ExclusivoPlataforma_AquiADS_Laranja-2.png","width":1692,"height":383,"caption":"Blog do Aqui Ads"},"image":{"@id":"https:\/\/aquiads.com.br\/blog\/#\/schema\/logo\/image\/"}},{"@type":"Person","@id":"https:\/\/aquiads.com.br\/blog\/#\/schema\/person\/6bffa426b8c860c085798d257f4aacff","name":"Stefanie Trotta","image":{"@type":"ImageObject","inLanguage":"pt-BR","@id":"https:\/\/aquiads.com.br\/blog\/wp-content\/uploads\/2026\/02\/ste.webp5684dfc71fb9c860f668e74369b6195e","url":"https:\/\/aquiads.com.br\/blog\/wp-content\/uploads\/2026\/02\/ste.webp","contentUrl":"https:\/\/aquiads.com.br\/blog\/wp-content\/uploads\/2026\/02\/ste.webp","caption":"Stefanie Trotta"},"description":"Stefanie Trotta \u00e9 gerente de Growth Marketing &amp; Produto na Eletromidia, empresa de m\u00eddia Out Of Home. Com 12 anos de experi\u00eancia no mercado, j\u00e1 passou por empresas como Google e LinkedIn.","url":"https:\/\/aquiads.com.br\/blog\/autor\/stefanie-trotta\/"}]}},"authors":[{"term_id":974,"user_id":17,"is_guest":0,"slug":"stefanie-trotta","display_name":"Stefanie Trotta","avatar_url":{"url":"https:\/\/aquiads.com.br\/blog\/wp-content\/uploads\/2026\/02\/ste.webp","url2x":"https:\/\/aquiads.com.br\/blog\/wp-content\/uploads\/2026\/02\/ste.webp"},"1":"","2":"","3":"","4":"","5":"","6":"","7":"","8":""}],"_links":{"self":[{"href":"https:\/\/aquiads.com.br\/blog\/wp-json\/wp\/v2\/posts\/3952","targetHints":{"allow":["GET"]}}],"collection":[{"href":"https:\/\/aquiads.com.br\/blog\/wp-json\/wp\/v2\/posts"}],"about":[{"href":"https:\/\/aquiads.com.br\/blog\/wp-json\/wp\/v2\/types\/post"}],"author":[{"embeddable":true,"href":"https:\/\/aquiads.com.br\/blog\/wp-json\/wp\/v2\/users\/17"}],"replies":[{"embeddable":true,"href":"https:\/\/aquiads.com.br\/blog\/wp-json\/wp\/v2\/comments?post=3952"}],"version-history":[{"count":1,"href":"https:\/\/aquiads.com.br\/blog\/wp-json\/wp\/v2\/posts\/3952\/revisions"}],"predecessor-version":[{"id":3954,"href":"https:\/\/aquiads.com.br\/blog\/wp-json\/wp\/v2\/posts\/3952\/revisions\/3954"}],"wp:featuredmedia":[{"embeddable":true,"href":"https:\/\/aquiads.com.br\/blog\/wp-json\/wp\/v2\/media\/3953"}],"wp:attachment":[{"href":"https:\/\/aquiads.com.br\/blog\/wp-json\/wp\/v2\/media?parent=3952"}],"wp:term":[{"taxonomy":"category","embeddable":true,"href":"https:\/\/aquiads.com.br\/blog\/wp-json\/wp\/v2\/categories?post=3952"},{"taxonomy":"post_tag","embeddable":true,"href":"https:\/\/aquiads.com.br\/blog\/wp-json\/wp\/v2\/tags?post=3952"},{"taxonomy":"author","embeddable":true,"href":"https:\/\/aquiads.com.br\/blog\/wp-json\/wp\/v2\/ppma_author?post=3952"}],"curies":[{"name":"wp","href":"https:\/\/api.w.org\/{rel}","templated":true}]}}